{"id":14104,"date":"2024-06-06T11:13:34","date_gmt":"2024-06-06T09:13:34","guid":{"rendered":"https:\/\/heliosarredourbano.com\/?p=14104"},"modified":"2024-06-06T11:13:35","modified_gmt":"2024-06-06T09:13:35","slug":"nouveau-catalogue-2024","status":"publish","type":"post","link":"https:\/\/heliosarredourbano.com\/fr\/nouveau-catalogue-2024\/","title":{"rendered":"Nouveau Catalogue 2024"},"content":{"rendered":"<div class=\"wpb-content-wrapper\"><p>[vc_row][vc_column][vc_separator][vc_empty_space height=\u00a0\u00bb40px\u00a0\u00bb][vc_custom_heading text=\u00a0\u00bbLe nouveau Catalogue 2024 est disponible\u00a0\u00bb font_container=\u00a0\u00bbtag:h4|text_align:left\u00a0\u00bb use_theme_fonts=\u00a0\u00bbyes\u00a0\u00bb][vc_empty_space height=\u00a0\u00bb20px\u00a0\u00bb][vc_column_text]<\/p>\n<p>Helios pr\u00e9sente le nouveau Catalogue G\u00e9n\u00e9ral 2024!<br \/>\nUn catalogue qui transmet des \u00e9motions et qui nous rend fiers du travail que nous faisons chaque jour\u00a0: transformer les espaces en plein air en lieux \u00e0 vivre, en donnant \u00e0 nos villes et \u00e0 nos parcs le confort et le style d\u2019un design innovant et color\u00e9. Le nouveau Catalogue a \u00e9t\u00e9 r\u00e9alis\u00e9 en pensant surtout aux architectes et aux bureaux d\u2019\u00e9tudes avec lesquels nous collaborons, qui trouveront dans le nouveau catalogue un outil utile pour leur travail\u00a0: \u00e0 chaque cat\u00e9gorie de produit a \u00e9t\u00e9 d\u00e9di\u00e9e une section sp\u00e9cifique, en reprenant pour chaque article les principales informations techniques. Venez d\u00e9couvrir les bancs, des corbeilles, des porte-v\u00e9los et de tout le mobilier urbain de notre production!<br \/>\nContactez-nous pour plus d\u2019informations.<\/p>\n<p>[\/vc_column_text][vc_empty_space height=\u00a0\u00bb40px\u00a0\u00bb][\/vc_column][\/vc_row][vc_row full_width=\u00a0\u00bbstretch_row\u00a0\u00bb bg_type=\u00a0\u00bbbg_color\u00a0\u00bb bg_color_value=\u00a0\u00bb#1a649e\u00a0\u00bb el_class=\u00a0\u00bbtre-box-bianchi-footer nascondi-tre-box-bianchi-footer\u00a0\u00bb][vc_column width=\u00a0\u00bb1\/3&Prime; css=\u00a0\u00bb.vc_custom_1620914944642{border-top-width: 1px !important;border-right-width: 1px !important;border-bottom-width: 1px !important;border-left-width: 1px !important;background-color: #ffffff !important;border-left-color: #ffffff !important;border-left-style: solid !important;border-right-color: #ffffff !important;border-right-style: solid !important;border-top-color: #ffffff !important;border-top-style: solid !important;border-bottom-color: #ffffff !important;border-bottom-style: solid !important;border-radius: 10px !important;}\u00a0\u00bb][vc_icon icon_fontawesome=\u00a0\u00bbfas fa-hands-helping\u00a0\u00bb color=\u00a0\u00bbcustom\u00a0\u00bb size=\u00a0\u00bblg\u00a0\u00bb align=\u00a0\u00bbcenter\u00a0\u00bb custom_color=\u00a0\u00bb#1a649e\u00a0\u00bb][vc_custom_heading text=\u00a0\u00bb+39 0423 492107&Prime; font_container=\u00a0\u00bbtag:h3|text_align:center|color:%231a649e\u00a0\u00bb google_fonts=\u00a0\u00bbfont_family:Montserrat%3Aregular%2C700&Prime;][vc_column_text]<\/p>\n<p style=\"text-align: center;\"><span style=\"color: #1a649e;\">Supporto telefonico nella scelta<br \/>\ndei nostri prodotti e<br \/>\nrichieste preventivo<\/span>[\/vc_column_text][vc_empty_space height=\u00a0\u00bb20px\u00a0\u00bb][\/vc_column][vc_column width=\u00a0\u00bb1\/3&Prime; css=\u00a0\u00bb.vc_custom_1620914955021{border-top-width: 1px !important;border-right-width: 1px !important;border-bottom-width: 1px !important;border-left-width: 1px !important;background-color: #ffffff !important;border-left-color: #ffffff !important;border-left-style: solid !important;border-right-color: #ffffff !important;border-right-style: solid !important;border-top-color: #ffffff !important;border-top-style: solid !important;border-bottom-color: #ffffff !important;border-bottom-style: solid !important;border-radius: 10px !important;}\u00a0\u00bb][vc_icon icon_fontawesome=\u00a0\u00bbfas fa-desktop\u00a0\u00bb color=\u00a0\u00bbcustom\u00a0\u00bb size=\u00a0\u00bblg\u00a0\u00bb align=\u00a0\u00bbcenter\u00a0\u00bb custom_color=\u00a0\u00bb#1a649e\u00a0\u00bb][vc_custom_heading text=\u00a0\u00bbMEPA\u00a0\u00bb font_container=\u00a0\u00bbtag:h3|text_align:center|color:%231a649e\u00a0\u00bb google_fonts=\u00a0\u00bbfont_family:Montserrat%3Aregular%2C700&Prime;][vc_column_text]<\/p>\n<p style=\"text-align: center;\"><span style=\"color: #1a649e;\">Siamo iscritti ai principali<br \/>\nMercati Elettronici<br \/>\ndella Pubblica Amministrazione<\/span>[\/vc_column_text][vc_empty_space height=\u00a0\u00bb20px\u00a0\u00bb][\/vc_column][vc_column width=\u00a0\u00bb1\/3&Prime; css=\u00a0\u00bb.vc_custom_1620915081702{border-top-width: 1px !important;border-right-width: 1px !important;border-bottom-width: 1px !important;border-left-width: 1px !important;background-color: #ffffff !important;border-left-color: #ffffff !important;border-left-style: solid !important;border-right-color: #ffffff !important;border-right-style: solid !important;border-top-color: #ffffff !important;border-top-style: solid !important;border-bottom-color: #ffffff !important;border-bottom-style: solid !important;border-radius: 10px !important;}\u00a0\u00bb][vc_icon icon_fontawesome=\u00a0\u00bbfas fa-wrench\u00a0\u00bb color=\u00a0\u00bbcustom\u00a0\u00bb size=\u00a0\u00bblg\u00a0\u00bb align=\u00a0\u00bbcenter\u00a0\u00bb custom_color=\u00a0\u00bb#1a649e\u00a0\u00bb][vc_custom_heading text=\u00a0\u00bbSERVIZI<br \/>\nPOST VENDITA\u00a0\u00bb font_container=\u00a0\u00bbtag:h3|text_align:center|color:%231a649e\u00a0\u00bb google_fonts=\u00a0\u00bbfont_family:Montserrat%3Aregular%2C700&Prime;][vc_column_text]<\/p>\n<p style=\"text-align: center;\"><span style=\"color: #1a649e;\">Offriamo Servizi di<br \/>\ninstallazione<br \/>\ndei prodotti<\/span>[\/vc_column_text][vc_empty_space height=\u00a0\u00bb20px\u00a0\u00bb][\/vc_column][\/vc_row]<\/p>\n<\/div>","protected":false},"excerpt":{"rendered":"<p>Le nouveau Catalogue 2024 est disponible!<br \/>\nPour d\u00e9couvrir nos produits contactez-nous pour obtenir une copie!<\/p>\n","protected":false},"author":5,"featured_media":14109,"comment_status":"closed","ping_status":"closed","sticky":false,"template":"","format":"standard","meta":{"footnotes":""},"categories":[61],"tags":[],"class_list":["post-14104","post","type-post","status-publish","format-standard","has-post-thumbnail","hentry","category-news"],"yoast_head":"<!-- This site is optimized with the Yoast SEO plugin v27.3 - https:\/\/yoast.com\/product\/yoast-seo-wordpress\/ -->\n<title>Nouveau Catalogue 2024 - HELIOS Arredo Urbano Srl<\/title>\n<meta name=\"description\" content=\"Nouveau Catalogue 2024 est disponible! Pour d\u00e9couvrir nos produits contactez-nous pour obtenir une copie!\" \/>\n<meta name=\"robots\" content=\"index, follow, max-snippet:-1, max-image-preview:large, max-video-preview:-1\" \/>\n<link rel=\"canonical\" href=\"https:\/\/heliosarredourbano.com\/nuovo-catalogo-generale-2024\/\" \/>\n<meta property=\"og:locale\" content=\"fr_FR\" \/>\n<meta property=\"og:type\" content=\"article\" \/>\n<meta property=\"og:title\" content=\"Nouveau Catalogue 2024 - HELIOS Arredo Urbano Srl\" \/>\n<meta property=\"og:description\" content=\"Nouveau Catalogue 2024 est disponible! Pour d\u00e9couvrir nos produits contactez-nous pour obtenir une copie!\" \/>\n<meta property=\"og:url\" content=\"https:\/\/heliosarredourbano.com\/nuovo-catalogo-generale-2024\/\" \/>\n<meta property=\"og:site_name\" content=\"HELIOS Arredo Urbano Srl\" \/>\n<meta property=\"article:published_time\" content=\"2024-06-06T09:13:34+00:00\" \/>\n<meta property=\"article:modified_time\" content=\"2024-06-06T09:13:35+00:00\" \/>\n<meta property=\"og:image\" content=\"https:\/\/heliosarredourbano.com\/wp-content\/uploads\/2024\/06\/Immagine-per-news-catalogo_1.jpg\" \/>\n\t<meta property=\"og:image:width\" content=\"3000\" \/>\n\t<meta property=\"og:image:height\" content=\"3000\" \/>\n\t<meta property=\"og:image:type\" content=\"image\/jpeg\" \/>\n<meta name=\"author\" content=\"admin_vanna\" \/>\n<meta name=\"twitter:card\" content=\"summary_large_image\" \/>\n<meta name=\"twitter:label1\" content=\"\u00c9crit par\" \/>\n\t<meta name=\"twitter:data1\" content=\"admin_vanna\" \/>\n\t<meta name=\"twitter:label2\" content=\"Dur\u00e9e de lecture estim\u00e9e\" \/>\n\t<meta name=\"twitter:data2\" content=\"2 minutes\" \/>\n<script type=\"application\/ld+json\" class=\"yoast-schema-graph\">{\"@context\":\"https:\\\/\\\/schema.org\",\"@graph\":[{\"@type\":\"Article\",\"@id\":\"https:\\\/\\\/heliosarredourbano.com\\\/nuovo-catalogo-generale-2024\\\/#article\",\"isPartOf\":{\"@id\":\"https:\\\/\\\/heliosarredourbano.com\\\/nuovo-catalogo-generale-2024\\\/\"},\"author\":{\"name\":\"admin_vanna\",\"@id\":\"https:\\\/\\\/heliosarredourbano.com\\\/#\\\/schema\\\/person\\\/674e57d747ecedd7b7a60da2ecf6e311\"},\"headline\":\"Nouveau Catalogue 2024\",\"datePublished\":\"2024-06-06T09:13:34+00:00\",\"dateModified\":\"2024-06-06T09:13:35+00:00\",\"mainEntityOfPage\":{\"@id\":\"https:\\\/\\\/heliosarredourbano.com\\\/nuovo-catalogo-generale-2024\\\/\"},\"wordCount\":531,\"image\":{\"@id\":\"https:\\\/\\\/heliosarredourbano.com\\\/nuovo-catalogo-generale-2024\\\/#primaryimage\"},\"thumbnailUrl\":\"https:\\\/\\\/heliosarredourbano.com\\\/wp-content\\\/uploads\\\/2024\\\/06\\\/Immagine-per-news-catalogo_1.jpg\",\"articleSection\":[\"News\"],\"inLanguage\":\"fr-FR\"},{\"@type\":\"WebPage\",\"@id\":\"https:\\\/\\\/heliosarredourbano.com\\\/nuovo-catalogo-generale-2024\\\/\",\"url\":\"https:\\\/\\\/heliosarredourbano.com\\\/nuovo-catalogo-generale-2024\\\/\",\"name\":\"Nouveau Catalogue 2024 - HELIOS Arredo Urbano Srl\",\"isPartOf\":{\"@id\":\"https:\\\/\\\/heliosarredourbano.com\\\/#website\"},\"primaryImageOfPage\":{\"@id\":\"https:\\\/\\\/heliosarredourbano.com\\\/nuovo-catalogo-generale-2024\\\/#primaryimage\"},\"image\":{\"@id\":\"https:\\\/\\\/heliosarredourbano.com\\\/nuovo-catalogo-generale-2024\\\/#primaryimage\"},\"thumbnailUrl\":\"https:\\\/\\\/heliosarredourbano.com\\\/wp-content\\\/uploads\\\/2024\\\/06\\\/Immagine-per-news-catalogo_1.jpg\",\"datePublished\":\"2024-06-06T09:13:34+00:00\",\"dateModified\":\"2024-06-06T09:13:35+00:00\",\"author\":{\"@id\":\"https:\\\/\\\/heliosarredourbano.com\\\/#\\\/schema\\\/person\\\/674e57d747ecedd7b7a60da2ecf6e311\"},\"description\":\"Nouveau Catalogue 2024 est disponible! Pour d\u00e9couvrir nos produits contactez-nous pour obtenir une copie!\",\"breadcrumb\":{\"@id\":\"https:\\\/\\\/heliosarredourbano.com\\\/nuovo-catalogo-generale-2024\\\/#breadcrumb\"},\"inLanguage\":\"fr-FR\",\"potentialAction\":[{\"@type\":\"ReadAction\",\"target\":[\"https:\\\/\\\/heliosarredourbano.com\\\/nuovo-catalogo-generale-2024\\\/\"]}]},{\"@type\":\"ImageObject\",\"inLanguage\":\"fr-FR\",\"@id\":\"https:\\\/\\\/heliosarredourbano.com\\\/nuovo-catalogo-generale-2024\\\/#primaryimage\",\"url\":\"https:\\\/\\\/heliosarredourbano.com\\\/wp-content\\\/uploads\\\/2024\\\/06\\\/Immagine-per-news-catalogo_1.jpg\",\"contentUrl\":\"https:\\\/\\\/heliosarredourbano.com\\\/wp-content\\\/uploads\\\/2024\\\/06\\\/Immagine-per-news-catalogo_1.jpg\",\"width\":3000,\"height\":3000},{\"@type\":\"BreadcrumbList\",\"@id\":\"https:\\\/\\\/heliosarredourbano.com\\\/nuovo-catalogo-generale-2024\\\/#breadcrumb\",\"itemListElement\":[{\"@type\":\"ListItem\",\"position\":1,\"name\":\"Home\",\"item\":\"https:\\\/\\\/heliosarredourbano.com\\\/\"},{\"@type\":\"ListItem\",\"position\":2,\"name\":\"Nouveau Catalogue 2024\"}]},{\"@type\":\"WebSite\",\"@id\":\"https:\\\/\\\/heliosarredourbano.com\\\/#website\",\"url\":\"https:\\\/\\\/heliosarredourbano.com\\\/\",\"name\":\"HELIOS Arredo Urbano Srl\",\"description\":\"Arredo urbano: panchine, pensiline, transenne, fioriere\",\"potentialAction\":[{\"@type\":\"SearchAction\",\"target\":{\"@type\":\"EntryPoint\",\"urlTemplate\":\"https:\\\/\\\/heliosarredourbano.com\\\/?s={search_term_string}\"},\"query-input\":{\"@type\":\"PropertyValueSpecification\",\"valueRequired\":true,\"valueName\":\"search_term_string\"}}],\"inLanguage\":\"fr-FR\"},{\"@type\":\"Person\",\"@id\":\"https:\\\/\\\/heliosarredourbano.com\\\/#\\\/schema\\\/person\\\/674e57d747ecedd7b7a60da2ecf6e311\",\"name\":\"admin_vanna\"}]}<\/script>\n<!-- \/ Yoast SEO plugin. -->","yoast_head_json":{"title":"Nouveau Catalogue 2024 - HELIOS Arredo Urbano Srl","description":"Nouveau Catalogue 2024 est disponible! Pour d\u00e9couvrir nos produits contactez-nous pour obtenir une copie!","robots":{"index":"index","follow":"follow","max-snippet":"max-snippet:-1","max-image-preview":"max-image-preview:large","max-video-preview":"max-video-preview:-1"},"canonical":"https:\/\/heliosarredourbano.com\/nuovo-catalogo-generale-2024\/","og_locale":"fr_FR","og_type":"article","og_title":"Nouveau Catalogue 2024 - HELIOS Arredo Urbano Srl","og_description":"Nouveau Catalogue 2024 est disponible! Pour d\u00e9couvrir nos produits contactez-nous pour obtenir une copie!","og_url":"https:\/\/heliosarredourbano.com\/nuovo-catalogo-generale-2024\/","og_site_name":"HELIOS Arredo Urbano Srl","article_published_time":"2024-06-06T09:13:34+00:00","article_modified_time":"2024-06-06T09:13:35+00:00","og_image":[{"width":3000,"height":3000,"url":"https:\/\/heliosarredourbano.com\/wp-content\/uploads\/2024\/06\/Immagine-per-news-catalogo_1.jpg","type":"image\/jpeg"}],"author":"admin_vanna","twitter_card":"summary_large_image","twitter_misc":{"\u00c9crit par":"admin_vanna","Dur\u00e9e de lecture estim\u00e9e":"2 minutes"},"schema":{"@context":"https:\/\/schema.org","@graph":[{"@type":"Article","@id":"https:\/\/heliosarredourbano.com\/nuovo-catalogo-generale-2024\/#article","isPartOf":{"@id":"https:\/\/heliosarredourbano.com\/nuovo-catalogo-generale-2024\/"},"author":{"name":"admin_vanna","@id":"https:\/\/heliosarredourbano.com\/#\/schema\/person\/674e57d747ecedd7b7a60da2ecf6e311"},"headline":"Nouveau Catalogue 2024","datePublished":"2024-06-06T09:13:34+00:00","dateModified":"2024-06-06T09:13:35+00:00","mainEntityOfPage":{"@id":"https:\/\/heliosarredourbano.com\/nuovo-catalogo-generale-2024\/"},"wordCount":531,"image":{"@id":"https:\/\/heliosarredourbano.com\/nuovo-catalogo-generale-2024\/#primaryimage"},"thumbnailUrl":"https:\/\/heliosarredourbano.com\/wp-content\/uploads\/2024\/06\/Immagine-per-news-catalogo_1.jpg","articleSection":["News"],"inLanguage":"fr-FR"},{"@type":"WebPage","@id":"https:\/\/heliosarredourbano.com\/nuovo-catalogo-generale-2024\/","url":"https:\/\/heliosarredourbano.com\/nuovo-catalogo-generale-2024\/","name":"Nouveau Catalogue 2024 - HELIOS Arredo Urbano Srl","isPartOf":{"@id":"https:\/\/heliosarredourbano.com\/#website"},"primaryImageOfPage":{"@id":"https:\/\/heliosarredourbano.com\/nuovo-catalogo-generale-2024\/#primaryimage"},"image":{"@id":"https:\/\/heliosarredourbano.com\/nuovo-catalogo-generale-2024\/#primaryimage"},"thumbnailUrl":"https:\/\/heliosarredourbano.com\/wp-content\/uploads\/2024\/06\/Immagine-per-news-catalogo_1.jpg","datePublished":"2024-06-06T09:13:34+00:00","dateModified":"2024-06-06T09:13:35+00:00","author":{"@id":"https:\/\/heliosarredourbano.com\/#\/schema\/person\/674e57d747ecedd7b7a60da2ecf6e311"},"description":"Nouveau Catalogue 2024 est disponible! Pour d\u00e9couvrir nos produits contactez-nous pour obtenir une copie!","breadcrumb":{"@id":"https:\/\/heliosarredourbano.com\/nuovo-catalogo-generale-2024\/#breadcrumb"},"inLanguage":"fr-FR","potentialAction":[{"@type":"ReadAction","target":["https:\/\/heliosarredourbano.com\/nuovo-catalogo-generale-2024\/"]}]},{"@type":"ImageObject","inLanguage":"fr-FR","@id":"https:\/\/heliosarredourbano.com\/nuovo-catalogo-generale-2024\/#primaryimage","url":"https:\/\/heliosarredourbano.com\/wp-content\/uploads\/2024\/06\/Immagine-per-news-catalogo_1.jpg","contentUrl":"https:\/\/heliosarredourbano.com\/wp-content\/uploads\/2024\/06\/Immagine-per-news-catalogo_1.jpg","width":3000,"height":3000},{"@type":"BreadcrumbList","@id":"https:\/\/heliosarredourbano.com\/nuovo-catalogo-generale-2024\/#breadcrumb","itemListElement":[{"@type":"ListItem","position":1,"name":"Home","item":"https:\/\/heliosarredourbano.com\/"},{"@type":"ListItem","position":2,"name":"Nouveau Catalogue 2024"}]},{"@type":"WebSite","@id":"https:\/\/heliosarredourbano.com\/#website","url":"https:\/\/heliosarredourbano.com\/","name":"HELIOS Arredo Urbano Srl","description":"Arredo urbano: panchine, pensiline, transenne, fioriere","potentialAction":[{"@type":"SearchAction","target":{"@type":"EntryPoint","urlTemplate":"https:\/\/heliosarredourbano.com\/?s={search_term_string}"},"query-input":{"@type":"PropertyValueSpecification","valueRequired":true,"valueName":"search_term_string"}}],"inLanguage":"fr-FR"},{"@type":"Person","@id":"https:\/\/heliosarredourbano.com\/#\/schema\/person\/674e57d747ecedd7b7a60da2ecf6e311","name":"admin_vanna"}]}},"_links":{"self":[{"href":"https:\/\/heliosarredourbano.com\/fr\/wp-json\/wp\/v2\/posts\/14104","targetHints":{"allow":["GET"]}}],"collection":[{"href":"https:\/\/heliosarredourbano.com\/fr\/wp-json\/wp\/v2\/posts"}],"about":[{"href":"https:\/\/heliosarredourbano.com\/fr\/wp-json\/wp\/v2\/types\/post"}],"author":[{"embeddable":true,"href":"https:\/\/heliosarredourbano.com\/fr\/wp-json\/wp\/v2\/users\/5"}],"replies":[{"embeddable":true,"href":"https:\/\/heliosarredourbano.com\/fr\/wp-json\/wp\/v2\/comments?post=14104"}],"version-history":[{"count":2,"href":"https:\/\/heliosarredourbano.com\/fr\/wp-json\/wp\/v2\/posts\/14104\/revisions"}],"predecessor-version":[{"id":14117,"href":"https:\/\/heliosarredourbano.com\/fr\/wp-json\/wp\/v2\/posts\/14104\/revisions\/14117"}],"wp:featuredmedia":[{"embeddable":true,"href":"https:\/\/heliosarredourbano.com\/fr\/wp-json\/wp\/v2\/media\/14109"}],"wp:attachment":[{"href":"https:\/\/heliosarredourbano.com\/fr\/wp-json\/wp\/v2\/media?parent=14104"}],"wp:term":[{"taxonomy":"category","embeddable":true,"href":"https:\/\/heliosarredourbano.com\/fr\/wp-json\/wp\/v2\/categories?post=14104"},{"taxonomy":"post_tag","embeddable":true,"href":"https:\/\/heliosarredourbano.com\/fr\/wp-json\/wp\/v2\/tags?post=14104"}],"curies":[{"name":"wp","href":"https:\/\/api.w.org\/{rel}","templated":true}]}}